{"id":1320,"date":"2019-08-07T18:30:25","date_gmt":"2019-08-07T17:30:25","guid":{"rendered":"http:\/\/preteapartir.com\/?p=1320"},"modified":"2019-08-07T18:30:25","modified_gmt":"2019-08-07T17:30:25","slug":"22","status":"publish","type":"post","link":"https:\/\/preteapartir.com\/index.php\/2019\/08\/07\/22\/","title":{"rendered":"22"},"content":{"rendered":"<p style=\"text-align:justify;\">\u00ab\u00a0<em>Si j\u2019\u00e9tais seul malade, je n\u2019en dirais rien\u00a0; mais comme il y en a beaucoup d\u2019autres que moi qui souffrent du m\u00eame mal, j\u2019\u00e9cris pour ceux-l\u00e0, sans trop savoir s\u2019ils y feront attention\u00a0; car dans le cas o\u00f9 personne n\u2019y prendrait garde, <span id=\"5\" class=\"pagenum ws-pagenum\" title=\"Page:Musset - La Confession d\u2019un enfant du si\u00e8cle, vol. I, 1836.djvu\/17\"><\/span>j\u2019aurai encore retir\u00e9 ce fruit de mes paroles de m\u2019\u00eatre mieux gu\u00e9ri moi-m\u00eame (&#8230;)<\/em>\u00ab\u00a0<\/p>\n<p style=\"text-align:justify;\">Il y a quelques temps, j&rsquo;ai \u00e9t\u00e9 rong\u00e9e d&rsquo;un mal \u00eatre innommable. Comme un point noir qui grossit, comme un tas de v\u00eatements qui s&rsquo;accumule et qu&rsquo;on ne range pas, j&rsquo;ai laiss\u00e9 arriver cette angoisse et je l&rsquo;ai regard\u00e9e s&rsquo;installer confortablement dans ma vie.<br \/>\nAvec toujours la m\u00eame question : qu&rsquo;est-ce que je fous ici ?<\/p>\n<p style=\"text-align:justify;\">\u00ab\u00a0<em>Trois \u00e9l\u00e9ments partageaient donc la vie qui s\u2019offrait alors aux jeunes gens\u00a0: derri\u00e8re eux un pass\u00e9 \u00e0 jamais d\u00e9truit, s\u2019agitant encore sur ses ruines, avec tous les fossiles des si\u00e8cles de l\u2019absolutisme\u00a0; devant eux <span id=\"18\" class=\"pagenum ws-pagenum\" title=\"Page:Musset - La Confession d\u2019un enfant du si\u00e8cle, vol. I, 1836.djvu\/30\"><\/span>l\u2019aurore d\u2019un immense horizon, les premi\u00e8res clart\u00e9s de l\u2019avenir\u00a0; et entre ces deux mondes\u2026 quelque chose de semblable \u00e0 l\u2019Oc\u00e9an qui s\u00e9pare le vieux continent de la jeune Am\u00e9rique, je ne sais quoi de vague et de flottant, une mer houleuse et pleine de naufrages, travers\u00e9e de temps en temps par quelque blanche voile lointaine ou par quelque navire soufflant une lourde vapeur\u00a0; le si\u00e8cle pr\u00e9sent, en un mot, qui s\u00e9pare le pass\u00e9 de l\u2019avenir, qui n\u2019est ni l\u2019un ni l\u2019autre et qui ressemble \u00e0 tous deux \u00e0 la fois, et o\u00f9 l\u2019on ne sait, \u00e0 chaque pas qu\u2019on fait, si l\u2019on marche sur une semence ou sur un d\u00e9bris<\/em>.\u00a0\u00bb<\/p>\n<p style=\"text-align:justify;\">La nostalgie des ann\u00e9es pass\u00e9es, de mon adolescence, un sentiment d&rsquo;\u00eatre n\u00e9e \u00e0 la mauvaise \u00e9poque. L&rsquo;impression que tout a d\u00e9j\u00e0 \u00e9t\u00e9 vu, d\u00e9j\u00e0 d\u00e9couvert, d\u00e9j\u00e0 fait. Un horizon sans espoir o\u00f9 tout est vou\u00e9 \u00e0 sa perte.<br \/>\n\u00c0 quoi bon ?<br \/>\nUn mic-mac sans dessus dessous. Aussi foireux que l&rsquo;administration fran\u00e7aise mon espoir d&rsquo;un futur brillant s&rsquo;est perdu.<br \/>\nPlus personne n&rsquo;a confiance en personne, les ours polaires se meurt, les politiques puisent dans nos ressources, les gens attendent toujours que leurs voisins bougent pour bouger, l&rsquo;\u00e9conomie n&rsquo;a plus de sens, on travaille pour s&rsquo;offrir un confort.<br \/>\nFaut-il vivre ou subir ?<\/p>\n<p>Triste constat. Comme un go\u00fbt amer. Une incompatibilit\u00e9 de l&rsquo;\u00eatre sensible \u00e0 s&rsquo;adapter \u00e0 son environnement social. Aux exigences du monde et de la soci\u00e9t\u00e9, comme on l&rsquo;entend.<\/p>\n<p style=\"text-align:justify;\">\u00ab\u00a0<em>Mais la jeunesse ne s\u2019en contentait pas. Il est certain qu\u2019il y a dans l\u2019homme deux puissances occultes qui combattent jusqu\u2019\u00e0 la mort\u00a0; l\u2019une, clairvoyante et froide, s\u2019attache \u00e0 la r\u00e9alit\u00e9, la calcule, la p\u00e8se, et juge le pass\u00e9\u00a0; l\u2019autre a soif de l\u2019avenir et s\u2019\u00e9lance vers l\u2019inconnu. Quand la passion emporte <span id=\"24\" class=\"pagenum ws-pagenum\" title=\"Page:Musset - La Confession d\u2019un enfant du si\u00e8cle, vol. I, 1836.djvu\/36\"><\/span>l\u2019homme, la raison le suit en pleurant et en l\u2019avertissant du danger\u00a0; mais d\u00e8s que l\u2019homme s\u2019est arr\u00eat\u00e9 \u00e0 la voix de la raison, d\u00e8s qu\u2019il s\u2019est dit\u00a0: C\u2019est vrai, je suis un fou\u00a0; o\u00f9 allais-je\u00a0? la passion lui crie\u00a0: Et moi, je vais donc mourir\u00a0?<\/em>\u00ab\u00a0<\/p>\n<p style=\"text-align:justify;\">Vivre au pr\u00e9sent. Telle est la cl\u00e9. Est-il possible de vivre au pr\u00e9sent sans consid\u00e9rer le futur ? Est-il possible de vivre au pr\u00e9sent en occultant le pass\u00e9 ?<br \/>\nLe pr\u00e9sent n&rsquo;est-il pas un pont entre ce que nous pensons \u00eatre et ce que nous sommes vraiment ?<\/p>\n<p>22 ans de vie sur terre, ce n&rsquo;est rien. Pourtant \u00e7a me parait beaucoup. J&rsquo;ai d\u00e9j\u00e0 22 ans ? Ou je n&rsquo;ai que 22 ans ?<br \/>\nLa perspective de mon avenir radieux est-elle intrins\u00e8que \u00e0 ma perception de la vie ? Ou ma vie est-elle d\u00e9j\u00e0 r\u00e9gis par un destin ?<\/p>\n<p>\u00ab\u00a0<em>Pour \u00e9crire l\u2019histoire de sa vie, il faut d\u2019abord avoir v\u00e9cu (&#8230;)<\/em>\u00a0\u00bb<br \/>\nAlfred de Musset, La confession d&rsquo;un enfant du si\u00e8cle, 1836.<\/p>\n<p>&nbsp;<\/p>\n","protected":false},"excerpt":{"rendered":"<p>\u00ab\u00a0Si j\u2019\u00e9tais seul malade, je n\u2019en dirais rien\u00a0; mais comme il y en a beaucoup d\u2019autres que moi qui souffrent du m\u00eame mal, j\u2019\u00e9cris pour ceux-l\u00e0, sans trop savoir s\u2019ils y feront attention\u00a0; car dans le cas o\u00f9 personne n\u2019y prendrait garde, j\u2019aurai encore retir\u00e9 ce fruit de mes paroles de m\u2019\u00eatre mieux gu\u00e9ri moi-m\u00eame [&#8230;]<\/p>\n<a href=\"https:\/\/preteapartir.com\/index.php\/2019\/08\/07\/22\/\" class=\"more-link\">Read More<\/a>","protected":false},"author":2,"featured_media":0,"comment_status":"open","ping_status":"open","sticky":false,"template":"","format":"standard","meta":{"spay_email":""},"categories":[3,4,5],"tags":[9,25,35,36,37,71,75,112,144,171,53,247,254,293,308,319,343,345,366,375,413,453,455,501],"jetpack_featured_media_url":"","_links":{"self":[{"href":"https:\/\/preteapartir.com\/index.php\/wp-json\/wp\/v2\/posts\/1320"}],"collection":[{"href":"https:\/\/preteapartir.com\/index.php\/wp-json\/wp\/v2\/posts"}],"about":[{"href":"https:\/\/preteapartir.com\/index.php\/wp-json\/wp\/v2\/types\/post"}],"author":[{"embeddable":true,"href":"https:\/\/preteapartir.com\/index.php\/wp-json\/wp\/v2\/users\/2"}],"replies":[{"embeddable":true,"href":"https:\/\/preteapartir.com\/index.php\/wp-json\/wp\/v2\/comments?post=1320"}],"version-history":[{"count":0,"href":"https:\/\/preteapartir.com\/index.php\/wp-json\/wp\/v2\/posts\/1320\/revisions"}],"wp:attachment":[{"href":"https:\/\/preteapartir.com\/index.php\/wp-json\/wp\/v2\/media?parent=1320"}],"wp:term":[{"taxonomy":"category","embeddable":true,"href":"https:\/\/preteapartir.com\/index.php\/wp-json\/wp\/v2\/categories?post=1320"},{"taxonomy":"post_tag","embeddable":true,"href":"https:\/\/preteapartir.com\/index.php\/wp-json\/wp\/v2\/tags?post=1320"}],"curies":[{"name":"wp","href":"https:\/\/api.w.org\/{rel}","templated":true}]}}