{"id":1330,"date":"2019-08-20T16:00:23","date_gmt":"2019-08-20T15:00:23","guid":{"rendered":"http:\/\/preteapartir.com\/?p=1330"},"modified":"2019-08-20T16:00:23","modified_gmt":"2019-08-20T15:00:23","slug":"les-livres-sur-ma-table-de-nuit","status":"publish","type":"post","link":"https:\/\/preteapartir.com\/index.php\/2019\/08\/20\/les-livres-sur-ma-table-de-nuit\/","title":{"rendered":"Les livres sur ma table de nuit"},"content":{"rendered":"<p>Si vous ne le saviez pas encore, j&rsquo;aime beaucoup BEAUCOUP lire. Au point, qu&rsquo;\u00e0 chaque fois que je mets un pied dans une libraire, la Fnac ou un relay, je m&rsquo;ach\u00e8te un livre, ou deux. Derni\u00e8rement, j&rsquo;ai pris un peu de retard dans mes lectures et comme je pars bient\u00f4t en vacances, je me suis dit que vous pourriez m&rsquo;aider \u00e0 choisir quel livre lire pendant mes vacances et j&rsquo;e profiterai pour vous faire un retour. Vous avez \u00e9t\u00e9 quelques uns \u00e0 me demander des recommandations de livre, alors je me lance et je vous laisse la main !<br \/>\nVoici les livres qui sont sur ma table de nuit, ils sont tous diff\u00e9rents mais regroupent tous les genres de livre que j&rsquo;aime :<\/p>\n<ul>\n<li>Plan\u00e8te V\u00e9gane d&rsquo;Oph\u00e9lie V\u00e9ron :<\/li>\n<\/ul>\n<p style=\"text-align:justify;\">\u00ab\u00a0Loin des id\u00e9es re\u00e7ues, Oph\u00e9lie V\u00e9ron nous explique le pourquoi et le comment du v\u00e9ganisme. dans cet ouvrage riche en informations, r\u00e9flexions et d\u00e9couvertes, elle analyse les origines et id\u00e9es fortes du mouvement et offre tous les outils n\u00e9cessaires pour s&rsquo;engager en faveur d&rsquo;un monde plus juste et solidaire. \u00c9thique, environnement, nutrition, vie pratique, communication&#8230;\u00a0\u00bb<br \/>\nComme vous le savez, je suis v\u00e9g\u00e9tarienne depuis presque 2 ans et \u00e9tant concern\u00e9e par l&rsquo;environnement et adoratrice des animaux, mes amies m&rsquo;ont offert ce livre pour mon anniversaire.<\/p>\n<ul>\n<li>Lettres d&rsquo;une vie de George Sand<\/li>\n<\/ul>\n<p style=\"text-align:justify;\">\u00ab\u00a0La v\u00e9rit\u00e9 de Georges Sand, elle est dans sa correspondance\u00a0\u00bb disait Andr\u00e9 Fermigier.<br \/>\nMon \u00e2me litt\u00e9raire est en qu\u00eate des livres classiques. Mon r\u00eave \u00e9tant d&rsquo;avoir une immense biblioth\u00e8que, j&rsquo;essaye petit \u00e0 petit de lire tous les livres classiques de la litt\u00e9rature. Dans mon dernier article je vous cite des extraits du roman d&rsquo;Alfred de Musset que j&rsquo;affectionne particuli\u00e8rement et Georges Sand ont partag\u00e9 un amour passionnel.<\/p>\n<ul>\n<li>Le spleen de Paris de Beaudelaire<\/li>\n<\/ul>\n<p>C&rsquo;est un recueil de po\u00e8mes en prose. Toujours dans ma recherche de livre classique.<\/p>\n<ul>\n<li>Les quatres accords tolteques de Don Miguel Ruiz<\/li>\n<\/ul>\n<p style=\"text-align:justify;\">\u00ab\u00a0\u00c0 chaque que vous le lisez, ce n&rsquo;est pas le livre qui a chang\u00e9, mais vous\u00a0\u00bb<br \/>\nDans ma qu\u00eate personnelle du bonheur, j&rsquo;accorde une grande importance \u00e0 la remise en question et \u00e0 l&rsquo;enrichissement de ma personne \u00e0 travers des livres, des stages et autres exercices de \u00ab\u00a0d\u00e9veloppement personnel\u00a0\u00bb. On m&rsquo;a beaucoup parl\u00e9 de ce livre, alors je me suis dit que je voulais forger ma propre opinion.<\/p>\n<ul>\n<li>La vengeance du pardon d&rsquo;Eric Emmanuel Schmitt<\/li>\n<\/ul>\n<p style=\"text-align:justify;\">\u00ab\u00a0Quatre destins, quatres histoires o\u00f9 Eric-emmanuel Schmitt, avec un redoutable sens du suspense psychologique, explore les sentiments les plus violents et les plus secrets qui gouvernent nos existences. Quand les circonstances de la vie nous ont entra\u00een\u00e9s dans l&rsquo;envie, la perversion, l&rsquo;indiff\u00e9rence ou le crime, comment retrouver notre part d&rsquo;humanit\u00e9 ? Le pardon offre un chemin non d\u00e9pourvu d&rsquo;ambigu\u00eft\u00e9s.\u00a0\u00bb<br \/>\nTout d&rsquo;abord, c&rsquo;est un de mes auteurs pr\u00e9f\u00e9r\u00e9s. J&rsquo;ai lu les 3\/4 de ses livres pour ne pas dire tous. Dans chacun de ses romans, il propose de mani\u00e8re subtil une r\u00e9flexion, une question existentielle, il nous pousse \u00e0 nous poser des questions philosophiques. Un autre moyen de se remettre en question et de remettre en question nos valeurs, nos modes pens\u00e9es.<\/p>\n<ul>\n<li>Luca de Franck Thilliez<\/li>\n<\/ul>\n<p style=\"text-align:justify;\">\u00a0 \u00a0 \u00a0 \u00a0 \u00a0 \u00a0 \u00a0Le dernier bouquin en date de Franck Thilliez qui est une suite. Il \u00e9crit des thrillers et polars policiers. Il a cr\u00e9\u00e9 un personnage nomm\u00e9 Sharko qui est inspecteur au 36 quai d&rsquo;orf\u00e8vre de Paris. Je ne peux pas vous d\u00e9crire les histoires, il faut les lire. Je vous les recommande vivement, surtout si vous aimez les romans policiers un peu psychologique. Ce que j&rsquo;adore avec cet auteur c&rsquo;est que ses histoires sont bas\u00e9s sur des connaissances et des faits r\u00e9els. Il se documente un maximum. Dans GATACA par exemple, l&rsquo;histoire tourne autour d&rsquo;une histoire d&rsquo;ADN et tous ce qu&rsquo;il affirme sont des faits scientifiques donc ces histoires sont tr\u00e8s enrichissantes au del\u00e0 du fait qu&rsquo;elle soit prenante. Je sais que si je commence celui-ci par exemple, en moins d&rsquo;une semaine c&rsquo;est pli\u00e9. Je lis tr\u00e8s vite certes mais je ne peux pas m&rsquo;arr\u00eater de lire, pire que lorsque je commence une s\u00e9rie.<\/p>\n<p>&nbsp;<\/p>\n<figure id=\"attachment_1346\" aria-describedby=\"caption-attachment-1346\" style=\"width: 374px\" class=\"wp-caption aligncenter\"><img loading=\"lazy\" class=\"alignnone  wp-image-1346\" src=\"http:\/\/preteapartir.com\/wp-content\/uploads\/2019\/08\/ab1971fa-2a11-410d-bd39-5ceb32bcd717.jpg\" alt=\"Processed with VSCO with a5 preset\" width=\"374\" height=\"499\" \/><figcaption id=\"caption-attachment-1346\" class=\"wp-caption-text\">Processed with VSCO with a5 preset<\/figcaption><\/figure>\n<p style=\"text-align:center;\">J&rsquo;attends vos retours, vous pourrez me le dire sur instagram ou en commentaire ici.<\/p>\n<p>&nbsp;<\/p>\n","protected":false},"excerpt":{"rendered":"<p>Si vous ne le saviez pas encore, j&rsquo;aime beaucoup BEAUCOUP lire. Au point, qu&rsquo;\u00e0 chaque fois que je mets un pied dans une libraire, la Fnac ou un relay, je m&rsquo;ach\u00e8te un livre, ou deux. Derni\u00e8rement, j&rsquo;ai pris un peu de retard dans mes lectures et comme je pars bient\u00f4t en vacances, je me suis [&#8230;]<\/p>\n<a href=\"https:\/\/preteapartir.com\/index.php\/2019\/08\/20\/les-livres-sur-ma-table-de-nuit\/\" class=\"more-link\">Read More<\/a>","protected":false},"author":2,"featured_media":1345,"comment_status":"open","ping_status":"open","sticky":false,"template":"","format":"standard","meta":{"spay_email":""},"categories":[5],"tags":[58,71,120,134,172,202,208,247,266,274,275,276,343,372,417,444],"jetpack_featured_media_url":"https:\/\/preteapartir.com\/wp-content\/uploads\/2019\/08\/78db9889-f737-4cd9-b5c0-81693bf945f1-scaled.jpg","_links":{"self":[{"href":"https:\/\/preteapartir.com\/index.php\/wp-json\/wp\/v2\/posts\/1330"}],"collection":[{"href":"https:\/\/preteapartir.com\/index.php\/wp-json\/wp\/v2\/posts"}],"about":[{"href":"https:\/\/preteapartir.com\/index.php\/wp-json\/wp\/v2\/types\/post"}],"author":[{"embeddable":true,"href":"https:\/\/preteapartir.com\/index.php\/wp-json\/wp\/v2\/users\/2"}],"replies":[{"embeddable":true,"href":"https:\/\/preteapartir.com\/index.php\/wp-json\/wp\/v2\/comments?post=1330"}],"version-history":[{"count":0,"href":"https:\/\/preteapartir.com\/index.php\/wp-json\/wp\/v2\/posts\/1330\/revisions"}],"wp:featuredmedia":[{"embeddable":true,"href":"https:\/\/preteapartir.com\/index.php\/wp-json\/wp\/v2\/media\/1345"}],"wp:attachment":[{"href":"https:\/\/preteapartir.com\/index.php\/wp-json\/wp\/v2\/media?parent=1330"}],"wp:term":[{"taxonomy":"category","embeddable":true,"href":"https:\/\/preteapartir.com\/index.php\/wp-json\/wp\/v2\/categories?post=1330"},{"taxonomy":"post_tag","embeddable":true,"href":"https:\/\/preteapartir.com\/index.php\/wp-json\/wp\/v2\/tags?post=1330"}],"curies":[{"name":"wp","href":"https:\/\/api.w.org\/{rel}","templated":true}]}}