{"id":1677,"date":"2020-05-17T18:20:41","date_gmt":"2020-05-17T17:20:41","guid":{"rendered":"http:\/\/preteapartir.com\/?p=1677"},"modified":"2020-05-17T18:20:41","modified_gmt":"2020-05-17T17:20:41","slug":"power-to-the-people","status":"publish","type":"post","link":"https:\/\/preteapartir.com\/index.php\/2020\/05\/17\/power-to-the-people\/","title":{"rendered":"Power to the people"},"content":{"rendered":"<p style=\"text-align:justify;\">Mes chers lecteurs, je vous parlais il y a quelques temps des livres qui m&rsquo;avaient marqu\u00e9e et des livres qu&rsquo;il fallait absolument lire.<br \/>\nJ&rsquo;ai profit\u00e9 de ce confinement pour lire d&rsquo;autant plus et essayer de m&rsquo;enrichir autant que possible. Cette situation anxiog\u00e8ne et in\u00e9dite que nous vivons, ne peut que nous pousser \u00e0 revoir nos objectifs et nous recentrer sur notre place sur terre.<br \/>\nJe reste persuad\u00e9e que les \u00e9pid\u00e9mies, comme celle que nous vivons, sont un signe de trop plein. La Terre nous parle \u00e0 sa mani\u00e8re et elle nous dit stop. Il est temps que l&rsquo;on se r\u00e9veille et que l&rsquo;on change. Nous nous complaisons depuis bien trop longtemps dans un confort \u00e9ph\u00e9m\u00e8re qui nous m\u00e8ne \u00e0 notre perte.<\/p>\n<p style=\"text-align:justify;\"><em>\u00ab\u00a0L&rsquo;humanit\u00e9 en p\u00e9ril, virons de bord toute !\u00a0\u00bb<\/em> de Fred Vargas, m&rsquo;a fait d\u00e9couvrir le bout de l&rsquo;iceberg.<br \/>\nBien s\u00fbr, nous sommes au courant d&rsquo;\u00e9norm\u00e9ment de choses aujourd&rsquo;hui. Bien s\u00fbr, nous avons chang\u00e9 certaines de nos habitudes. Bien s\u00fbr, nous avons des r\u00e9unions au sommet, des manifestations, des probl\u00e8mes \u00e9cologiques et j&rsquo;en passe. Nous sommes en 2020, cela fait plus de 30 ou 40 ans que l&rsquo;on parle de ce r\u00e9chauffement climatique. On le sait, il arrive et nous en sommes la cause. Sauf que maintenant, c&rsquo;est demain.<br \/>\nCe qui para\u00eet difficile, c&rsquo;est de changer. Je le sais puisque je fais aussi partie de ce syst\u00e8me, de ce tourbillon qu&rsquo;est le progr\u00e8s, la technologie, la course \u00e0 la consommation. Je n&rsquo;en suis pas fi\u00e8re. J&rsquo;en prends conscience tous les jours et j&rsquo;essaye petit \u00e0 petit, pas assez vite je le con\u00e7ois, de changer, modifier mon quotidien.<\/p>\n<p style=\"text-align:justify;\">Ce livre est violent. M\u00eame pour moi qui suis consciente, qui m&rsquo;informe&#8230; Ce livre d\u00e9cortique chaque probl\u00e8me \u00e9cologique un par un. Une chirurgie \u00e0 coeur ouvert de chaque d\u00e9tail de notre soci\u00e9t\u00e9 et de ses cons\u00e9quences sur la nature. Point par point Fred Vargas, nous invite \u00e0 revoir nos habitudes. Elle nous informe et nous donne les cl\u00e9s de ce changement qui doit s&rsquo;op\u00e9rer. Avec sa fine \u00e9criture et sa mani\u00e8re de vulgariser les propos scientifiques, elle ne fait pas qu&rsquo;accabler, elle nous donne aussi les solutions. Le travail para\u00eet \u00e9norme. En lisant ce livre, je me suis sentie submerg\u00e9e. Pourtant, c&rsquo;est un outil. Comme elle le dit, c&rsquo;est \u00e0 Nous d&rsquo;agir. Une des choses que l&rsquo;on devrait changer aujourd&rsquo;hui, c&rsquo;est d&rsquo;\u00eatre dans l&rsquo;attente. Arr\u00eatons de penser que c&rsquo;est au prochain de faire notre travail. Arr\u00eatons d&rsquo;attendre aupr\u00e8s de nos dirigeants. C&rsquo;est \u00e0 Nous de mettre les mains dans le cambouis.<\/p>\n<p style=\"text-align:justify;\">Je me sens aussi au pied d&rsquo;une montagne. Il y a beaucoup de choses \u00e0 faire seulement nous sommes au bord du gouffre. \u00c7a me fait mal de l&rsquo;\u00e9crire mais c&rsquo;est la r\u00e9alit\u00e9. Si nous ne faisons rien aujourd&rsquo;hui, ce n&rsquo;est pas dans 10 ou 20 ans (ce qui n&rsquo;est pas si loin) que nous ferons face \u00e0 des probl\u00e9matiques \u00e9cologiques majeures mais d&rsquo;ici 1 an \u00e0 5 ans.<\/p>\n<p style=\"text-align:justify;\">Je ne sais pas si j&rsquo;ai peur. Ce que je sais c&rsquo;est que je ne veux pas finir ma vie en me demandant si j&rsquo;aurais assez d&rsquo;eau pour finir la journ\u00e9e. Le monde a beaucoup \u00e0 nous offrir, nous lui prenons \u00e9norm\u00e9ment. Ce serait bien de commencer par \u00eatre moins gourmands et \u00e9viter les exc\u00e8s. Chaque ann\u00e9e, nous calculons la \u00ab Journ\u00e9e du d\u00e9passement \u00bb.\u00a0La premi\u00e8re a eu lieu fin d\u00e9cembre en 1971. En 2019, c&rsquo;\u00e9tait le 29 juillet alors qu&rsquo;en 2018, c&rsquo;\u00e9tait le 1<sup>er<\/sup> ao\u00fbt. Nous avons besoin de plus d&rsquo;une Terre et demie (1,8 Terre exactement) pour assurer notre mode de vie actuel chaque ann\u00e9e. Ce n&rsquo;est plus possible. (Sachant que chaque ann\u00e9e, plus de 9 millions de gens meurent de malnutrition.)<\/p>\n<p style=\"text-align:center;\">Ensemble, nous pourrons avancer et changer \u00ab\u00a0le monde\u00a0\u00bb. Ensemble et maintenant.<\/p>\n","protected":false},"excerpt":{"rendered":"<p>Je reste persuad\u00e9e que les \u00e9pid\u00e9mies, comme celle que nous vivons, est un signe de trop plein. La Terre nous parle \u00e0 sa mani\u00e8re et elle nous dit stop. Il est temps que l&rsquo;on se r\u00e9veille et que l&rsquo;on change. Nous nous complaisons depuis bien trop longtemps dans un confort \u00e9ph\u00e9m\u00e8re qui nous m\u00e8ne \u00e0 notre perte.\u00a0<\/p>\n<a href=\"https:\/\/preteapartir.com\/index.php\/2020\/05\/17\/power-to-the-people\/\" class=\"more-link\">Read More<\/a>","protected":false},"author":2,"featured_media":1683,"comment_status":"open","ping_status":"open","sticky":false,"template":"","format":"standard","meta":{"spay_email":""},"categories":[3,5],"tags":[45,46,71,97,99,136,160,161,170,203,216,230,231,239,275,343,371,375,403,453,454,463],"jetpack_featured_media_url":"https:\/\/preteapartir.com\/wp-content\/uploads\/2020\/05\/img_9527-scaled.jpg","_links":{"self":[{"href":"https:\/\/preteapartir.com\/index.php\/wp-json\/wp\/v2\/posts\/1677"}],"collection":[{"href":"https:\/\/preteapartir.com\/index.php\/wp-json\/wp\/v2\/posts"}],"about":[{"href":"https:\/\/preteapartir.com\/index.php\/wp-json\/wp\/v2\/types\/post"}],"author":[{"embeddable":true,"href":"https:\/\/preteapartir.com\/index.php\/wp-json\/wp\/v2\/users\/2"}],"replies":[{"embeddable":true,"href":"https:\/\/preteapartir.com\/index.php\/wp-json\/wp\/v2\/comments?post=1677"}],"version-history":[{"count":0,"href":"https:\/\/preteapartir.com\/index.php\/wp-json\/wp\/v2\/posts\/1677\/revisions"}],"wp:featuredmedia":[{"embeddable":true,"href":"https:\/\/preteapartir.com\/index.php\/wp-json\/wp\/v2\/media\/1683"}],"wp:attachment":[{"href":"https:\/\/preteapartir.com\/index.php\/wp-json\/wp\/v2\/media?parent=1677"}],"wp:term":[{"taxonomy":"category","embeddable":true,"href":"https:\/\/preteapartir.com\/index.php\/wp-json\/wp\/v2\/categories?post=1677"},{"taxonomy":"post_tag","embeddable":true,"href":"https:\/\/preteapartir.com\/index.php\/wp-json\/wp\/v2\/tags?post=1677"}],"curies":[{"name":"wp","href":"https:\/\/api.w.org\/{rel}","templated":true}]}}