{"id":729,"date":"2018-04-15T17:00:16","date_gmt":"2018-04-15T16:00:16","guid":{"rendered":"http:\/\/preteapartir.com\/?p=729"},"modified":"2018-04-15T17:00:16","modified_gmt":"2018-04-15T16:00:16","slug":"tendances-3-collections-eco-responsable","status":"publish","type":"post","link":"https:\/\/preteapartir.com\/index.php\/2018\/04\/15\/tendances-3-collections-eco-responsable\/","title":{"rendered":"Tendances #3 : Collections \u00e9co-responsable"},"content":{"rendered":"<p style=\"text-align:center;\"><strong>Focus sur les collections \u00e9co-reponsable qui ont fait leur apparition.<\/strong><\/p>\n<p style=\"text-align:justify;\">Lanc\u00e9e par la cr\u00e9atrice Tara Jarmon, Mirae, est une nouvelle marque 100% europ\u00e9enne. \u00c0 l&rsquo;origine de cette nouvelle marque de pret-\u00e0-porter, Tara Jarmon, sa fille Camille et une de ses anciennes stylistes Edith cabane. Usines tri\u00e9es sur le volet, leurs collections capsules sont cr\u00e9\u00e9es \u00e0 partir de stocks orphelins pour la plupart, et pour asseoir le c\u00f4t\u00e9 durable elles choisissent avec soin leurs fournisseurs. Elles misent \u00e9galement sur la quantit\u00e9 en cr\u00e9ant des collections de 30 pi\u00e8ces, renouvel\u00e9es tous les deux mois avec une base de 20 mod\u00e8les. Mirae reste une marque de pr\u00eat-\u00e0-porter haut de gamme et propose des pi\u00e8ces de 50\u20ac \u00e0 300\u20ac.<\/p>\n<p><a href=\"https:\/\/miraeparis.com\" target=\"_blank\" rel=\"noopener noreferrer\"><img loading=\"lazy\" class=\"wp-image-731\" src=\"http:\/\/preteapartir.com\/wp-content\/uploads\/2018\/04\/capture-d_c3a9cran-2018-04-14-c3a0-20-50-36.png\" alt=\"Capture d\u2019\u00e9cran 2018-04-14 \u00e0 20.50.36.png\" width=\"610\" height=\"431\" srcset=\"https:\/\/preteapartir.com\/wp-content\/uploads\/2018\/04\/capture-d_c3a9cran-2018-04-14-c3a0-20-50-36.png 842w, https:\/\/preteapartir.com\/wp-content\/uploads\/2018\/04\/capture-d_c3a9cran-2018-04-14-c3a0-20-50-36-300x212.png 300w, https:\/\/preteapartir.com\/wp-content\/uploads\/2018\/04\/capture-d_c3a9cran-2018-04-14-c3a0-20-50-36-768x543.png 768w, https:\/\/preteapartir.com\/wp-content\/uploads\/2018\/04\/capture-d_c3a9cran-2018-04-14-c3a0-20-50-36-708x500.png 708w\" sizes=\"(max-width: 610px) 100vw, 610px\" \/><\/a><\/p>\n<p>(clique sur la photo pour aller sur leur site.)<\/p>\n<div class=\"\" style=\"text-align:justify;\">Co-propri\u00e9taire de la marque <i class=\"\">G-Star Raw<\/i>,\u00a0Pharrell Williams a annonc\u00e9 son nouveau partenariat avec Jaden Smith, acteur et rappeur, pour co-cr\u00e9er une collection en denim durable pour la saison automne-hiver 2018. Le chanteur mondialement connu, \u00e0 la t\u00eate de la marque depuis 2016, avait d\u00e9j\u00e0 r\u00e9v\u00e9l\u00e9 un jean con\u00e7u \u00e9co-responsable dans un tissu certifi\u00e9 or par <i class=\"\">Cradle to Cradle<\/i> pour la saison printemps-\u00e9t\u00e9 2018.<\/div>\n<div><a href=\"https:\/\/www.g-star.com\/fr_fr\/sustainablejeans\" target=\"_blank\" rel=\"noopener noreferrer\"><img loading=\"lazy\" class=\"wp-image-732\" src=\"http:\/\/preteapartir.com\/wp-content\/uploads\/2018\/04\/capture-d_c3a9cran-2018-04-14-c3a0-22-50-04.png\" alt=\"Capture d_\u00e9cran 2018-04-14 \u00e0 22.50.04\" width=\"616\" height=\"417\" srcset=\"https:\/\/preteapartir.com\/wp-content\/uploads\/2018\/04\/capture-d_c3a9cran-2018-04-14-c3a0-22-50-04.png 558w, https:\/\/preteapartir.com\/wp-content\/uploads\/2018\/04\/capture-d_c3a9cran-2018-04-14-c3a0-22-50-04-300x203.png 300w\" sizes=\"(max-width: 616px) 100vw, 616px\" \/><\/a><\/div>\n<div style=\"text-align:justify;\">La nouvelle collection Conscious Exclusive d&rsquo;H&amp;M 2018 est port\u00e9e par le duo su\u00e9dois Karin et Carl Larsson. Inspir\u00e9 des broderies et de la tapisseries de Karin Larsson, cette nouvelle collection \u00e9co-responsable s&rsquo;est aussi renouvel\u00e9e en terme de mat\u00e9riaux. H&amp;M et le duo su\u00e9dois ont voulu innover en utilisant du lin, du coton, de la soie totalement biologique mais surtout en r\u00e9-utilisant de l&rsquo;argent de chandeliers recylcl\u00e9s et de l&rsquo;Econyl une fibre cr\u00e9\u00e9e \u00e0 partir de filets de p\u00eache. Cette collection de pr\u00eat-\u00e0-porter, de lingerie, de chaussures et d&rsquo;accessoires sera disponible le 19 avril 2018.<\/div>\n<div><a href=\"http:\/\/www2.hm.com\/fr_fr\/free-form-campaigns\/22z-conscious-exclusive-2018.html#\" target=\"_blank\" rel=\"noopener noreferrer\"><img loading=\"lazy\" class=\"wp-image-733\" src=\"http:\/\/preteapartir.com\/wp-content\/uploads\/2018\/04\/capture-d_c3a9cran-2018-04-14-c3a0-23-04-25.png\" alt=\"Capture d_\u00e9cran 2018-04-14 \u00e0 23.04.25\" width=\"639\" height=\"452\" srcset=\"https:\/\/preteapartir.com\/wp-content\/uploads\/2018\/04\/capture-d_c3a9cran-2018-04-14-c3a0-23-04-25.png 625w, https:\/\/preteapartir.com\/wp-content\/uploads\/2018\/04\/capture-d_c3a9cran-2018-04-14-c3a0-23-04-25-300x212.png 300w\" sizes=\"(max-width: 639px) 100vw, 639px\" \/><\/a><\/div>\n<div>Depuis presque 3 ans, Dr Martens a cr\u00e9\u00e9 une collection 100% vegan-friendly. La c\u00e9l\u00e8bre boots n&rsquo;a rien chang\u00e9, mais utilise pour cette collection du cuir synth\u00e9tique.<\/div>\n<div><a href=\"http:\/\/www.drmartens.com\/fr\/c\/womens-vegan\" target=\"_blank\" rel=\"noopener noreferrer\"><img loading=\"lazy\" class=\"wp-image-735 size-full\" src=\"http:\/\/preteapartir.com\/wp-content\/uploads\/2018\/04\/capture-d_c3a9cran-2018-04-15-c3a0-11-03-17.png\" alt=\"Capture d_\u00e9cran 2018-04-15 \u00e0 11.03.17\" width=\"472\" height=\"619\" srcset=\"https:\/\/preteapartir.com\/wp-content\/uploads\/2018\/04\/capture-d_c3a9cran-2018-04-15-c3a0-11-03-17.png 472w, https:\/\/preteapartir.com\/wp-content\/uploads\/2018\/04\/capture-d_c3a9cran-2018-04-15-c3a0-11-03-17-229x300.png 229w, https:\/\/preteapartir.com\/wp-content\/uploads\/2018\/04\/capture-d_c3a9cran-2018-04-15-c3a0-11-03-17-381x500.png 381w\" sizes=\"(max-width: 472px) 100vw, 472px\" \/><\/a><\/div>\n<div style=\"text-align:justify;\">De plus en plus de marques commencent \u00e0 changer leurs habitudes de cr\u00e9ations. Trop peu pour le moment, mais cela reste de bonnes initiatives, qu&rsquo;il faut soutenir. N\u00e9anmoins le co\u00fbt de ces collections reste \u00e9lev\u00e9, et donc peu abordables. Je vous invite \u00e0 aller lire <a href=\"http:\/\/preteapartir.com\/2018\/03\/22\/journalisme-1-riverblue-quand-lindustrie-de-la-mode-nuit-a-lenvironnement\/\" target=\"_blank\" rel=\"noopener noreferrer\"><span style=\"text-decoration:underline;\">mon autre article<\/span><\/a> qui traite justement de la fabrication de la fast fashion, la mode pr\u00eat-\u00e0-porter, qui j&rsquo;esp\u00e8re vous donnera un autre regard sur la mani\u00e8re de consommer la mode.<\/div>\n","protected":false},"excerpt":{"rendered":"<p>Focus sur les collections \u00e9co-reponsable qui ont fait leur apparition.<\/p>\n<a href=\"https:\/\/preteapartir.com\/index.php\/2018\/04\/15\/tendances-3-collections-eco-responsable\/\" class=\"more-link\">Read More<\/a>","protected":false},"author":2,"featured_media":737,"comment_status":"open","ping_status":"open","sticky":false,"template":"","format":"standard","meta":{"spay_email":""},"categories":[6],"tags":[66,71,105,123,48,184,247,270,327,380,447,476,490],"jetpack_featured_media_url":"https:\/\/preteapartir.com\/wp-content\/uploads\/2018\/04\/capture-d_c3a9cran-2018-04-15-c3a0-11-43-52.png","_links":{"self":[{"href":"https:\/\/preteapartir.com\/index.php\/wp-json\/wp\/v2\/posts\/729"}],"collection":[{"href":"https:\/\/preteapartir.com\/index.php\/wp-json\/wp\/v2\/posts"}],"about":[{"href":"https:\/\/preteapartir.com\/index.php\/wp-json\/wp\/v2\/types\/post"}],"author":[{"embeddable":true,"href":"https:\/\/preteapartir.com\/index.php\/wp-json\/wp\/v2\/users\/2"}],"replies":[{"embeddable":true,"href":"https:\/\/preteapartir.com\/index.php\/wp-json\/wp\/v2\/comments?post=729"}],"version-history":[{"count":0,"href":"https:\/\/preteapartir.com\/index.php\/wp-json\/wp\/v2\/posts\/729\/revisions"}],"wp:featuredmedia":[{"embeddable":true,"href":"https:\/\/preteapartir.com\/index.php\/wp-json\/wp\/v2\/media\/737"}],"wp:attachment":[{"href":"https:\/\/preteapartir.com\/index.php\/wp-json\/wp\/v2\/media?parent=729"}],"wp:term":[{"taxonomy":"category","embeddable":true,"href":"https:\/\/preteapartir.com\/index.php\/wp-json\/wp\/v2\/categories?post=729"},{"taxonomy":"post_tag","embeddable":true,"href":"https:\/\/preteapartir.com\/index.php\/wp-json\/wp\/v2\/tags?post=729"}],"curies":[{"name":"wp","href":"https:\/\/api.w.org\/{rel}","templated":true}]}}