{"id":787,"date":"2018-07-06T17:17:14","date_gmt":"2018-07-06T16:17:14","guid":{"rendered":"http:\/\/preteapartir.com\/?p=787"},"modified":"2020-12-01T22:28:04","modified_gmt":"2020-12-01T21:28:04","slug":"juin-2018-mon-week-end-a-majorque","status":"publish","type":"post","link":"https:\/\/preteapartir.com\/index.php\/2018\/07\/06\/juin-2018-mon-week-end-a-majorque\/","title":{"rendered":"Juin 2018 : Mon Week-end \u00e0 Majorque"},"content":{"rendered":"<p>J&rsquo;ai beaucoup voyag\u00e9 depuis que je suis petite mais je n&rsquo;\u00e9tais jamais all\u00e9e dans les petites \u00eeles espagnoles. J&rsquo;ai d\u00e9couvert Majorque avec ma m\u00e8re lors d&rsquo;un week-end de 4 jours, et j&rsquo;ai ador\u00e9 ! On \u00e9tait sur la c\u00f4te Est, du c\u00f4t\u00e9 de Felanitx et de Cala d&rsquo;or.<\/p>\n<p>Nous sommes rest\u00e9es dans un Airbnb tr\u00e8s atypique \u00e0 Felanitx. Nous \u00e9tions chez une peintre, qui avait rachet\u00e9 une ancienne banque et l&rsquo;avait investi. La d\u00e9coration \u00e9tait tr\u00e8s r\u00e9tro\/kitsh, avec des grands canap\u00e9s en velours, des tables en verres avec des bougies parfum\u00e9es, des fleurs partout. Il y avait m\u00eame un canap\u00e9 avec des poup\u00e9es en porcelaines. Felanitx est une ville\/village, avec plein de boutiques locales, tr\u00e8s espagnoles finalement. Voici le lien du Airbnb :<span style=\"text-decoration: underline;\"> <a href=\"https:\/\/www.airbnb.fr\/rooms\/1513767?location=Felanitx%2C%20Bal\u00e9ares%2C%20Espagne&amp;s=-cUwDX6m\" target=\"_blank\" rel=\"noopener noreferrer\">Mansion Of Gaudi\u00a0<\/a><\/span><\/p>\n<div id='gallery-1' class='gallery galleryid-787 gallery-columns-3 gallery-size-thumbnail'><figure class='gallery-item'>\n\t\t\t<div class='gallery-icon portrait'>\n\t\t\t\t<a href='https:\/\/preteapartir.com\/index.php\/2018\/07\/06\/juin-2018-mon-week-end-a-majorque\/img_7814\/'><img width=\"150\" height=\"150\" src=\"https:\/\/preteapartir.com\/wp-content\/uploads\/2018\/07\/img_7814-150x150.jpg\" class=\"attachment-thumbnail size-thumbnail\" alt=\"\" loading=\"lazy\" srcset=\"https:\/\/preteapartir.com\/wp-content\/uploads\/2018\/07\/img_7814-150x150.jpg 150w, https:\/\/preteapartir.com\/wp-content\/uploads\/2018\/07\/img_7814-300x300.jpg 300w\" sizes=\"(max-width: 150px) 100vw, 150px\" \/><\/a>\n\t\t\t<\/div><\/figure><figure class='gallery-item'>\n\t\t\t<div class='gallery-icon portrait'>\n\t\t\t\t<a href='https:\/\/preteapartir.com\/index.php\/2018\/07\/06\/juin-2018-mon-week-end-a-majorque\/img_4734\/'><img width=\"150\" height=\"150\" src=\"https:\/\/preteapartir.com\/wp-content\/uploads\/2018\/07\/img_4734-150x150.jpg\" class=\"attachment-thumbnail size-thumbnail\" alt=\"\" loading=\"lazy\" srcset=\"https:\/\/preteapartir.com\/wp-content\/uploads\/2018\/07\/img_4734-150x150.jpg 150w, https:\/\/preteapartir.com\/wp-content\/uploads\/2018\/07\/img_4734-300x300.jpg 300w\" sizes=\"(max-width: 150px) 100vw, 150px\" \/><\/a>\n\t\t\t<\/div><\/figure><figure class='gallery-item'>\n\t\t\t<div class='gallery-icon portrait'>\n\t\t\t\t<a href='https:\/\/preteapartir.com\/index.php\/2018\/07\/06\/juin-2018-mon-week-end-a-majorque\/img_5490\/'><img width=\"150\" height=\"150\" src=\"https:\/\/preteapartir.com\/wp-content\/uploads\/2018\/07\/img_5490-150x150.jpg\" class=\"attachment-thumbnail size-thumbnail\" alt=\"\" loading=\"lazy\" srcset=\"https:\/\/preteapartir.com\/wp-content\/uploads\/2018\/07\/img_5490-150x150.jpg 150w, https:\/\/preteapartir.com\/wp-content\/uploads\/2018\/07\/img_5490-300x300.jpg 300w\" sizes=\"(max-width: 150px) 100vw, 150px\" \/><\/a>\n\t\t\t<\/div><\/figure>\n\t\t<\/div>\n\n<p>L&rsquo;architecture de la ville est un m\u00e9lange de vieilles demeures nord-africaines et des petites rues espagnoles, avec des fleurs aux fen\u00eatres, du linge&#8230;<\/p>\n<div id='gallery-2' class='gallery galleryid-787 gallery-columns-3 gallery-size-thumbnail'><figure class='gallery-item'>\n\t\t\t<div class='gallery-icon portrait'>\n\t\t\t\t<a href='https:\/\/preteapartir.com\/index.php\/2018\/07\/06\/juin-2018-mon-week-end-a-majorque\/img_8907\/'><img width=\"150\" height=\"150\" src=\"https:\/\/preteapartir.com\/wp-content\/uploads\/2018\/07\/img_8907-150x150.jpg\" class=\"attachment-thumbnail size-thumbnail\" alt=\"\" loading=\"lazy\" srcset=\"https:\/\/preteapartir.com\/wp-content\/uploads\/2018\/07\/img_8907-150x150.jpg 150w, https:\/\/preteapartir.com\/wp-content\/uploads\/2018\/07\/img_8907-300x300.jpg 300w\" sizes=\"(max-width: 150px) 100vw, 150px\" \/><\/a>\n\t\t\t<\/div><\/figure><figure class='gallery-item'>\n\t\t\t<div class='gallery-icon portrait'>\n\t\t\t\t<a href='https:\/\/preteapartir.com\/index.php\/2018\/07\/06\/juin-2018-mon-week-end-a-majorque\/img_1401\/'><img width=\"150\" height=\"150\" src=\"https:\/\/preteapartir.com\/wp-content\/uploads\/2018\/07\/img_1401-150x150.jpg\" class=\"attachment-thumbnail size-thumbnail\" alt=\"\" loading=\"lazy\" srcset=\"https:\/\/preteapartir.com\/wp-content\/uploads\/2018\/07\/img_1401-150x150.jpg 150w, https:\/\/preteapartir.com\/wp-content\/uploads\/2018\/07\/img_1401-300x300.jpg 300w\" sizes=\"(max-width: 150px) 100vw, 150px\" \/><\/a>\n\t\t\t<\/div><\/figure><figure class='gallery-item'>\n\t\t\t<div class='gallery-icon landscape'>\n\t\t\t\t<a href='https:\/\/preteapartir.com\/index.php\/2018\/07\/06\/juin-2018-mon-week-end-a-majorque\/img_8806\/'><img width=\"150\" height=\"150\" src=\"https:\/\/preteapartir.com\/wp-content\/uploads\/2018\/07\/img_8806-150x150.jpg\" class=\"attachment-thumbnail size-thumbnail\" alt=\"\" loading=\"lazy\" srcset=\"https:\/\/preteapartir.com\/wp-content\/uploads\/2018\/07\/img_8806-150x150.jpg 150w, https:\/\/preteapartir.com\/wp-content\/uploads\/2018\/07\/img_8806-300x300.jpg 300w\" sizes=\"(max-width: 150px) 100vw, 150px\" \/><\/a>\n\t\t\t<\/div><\/figure>\n\t\t<\/div>\n\n<p>On s&rsquo;est baign\u00e9 du c\u00f4t\u00e9 de Cala d&rsquo;or (Cala signifiant petite plage), o\u00f9 il y a plein de criques. Celle ci-dessous est la Cala d&rsquo;or, qui se situe derri\u00e8re l&rsquo;Hotel Cala d&rsquo;Or.<\/p>\n<p><img loading=\"lazy\" class=\"  wp-image-799 aligncenter\" src=\"http:\/\/preteapartir.com\/wp-content\/uploads\/2018\/07\/img_0762.jpg\" alt=\"IMG_0762\" width=\"549\" height=\"732\" \/><\/p>\n<p>Ensuite, un peu cach\u00e9, Cala Sa Nau. Il faut faire un peu plus de voiture pour y acc\u00e9der mais ca vaut le coup. On y est all\u00e9e pour l&rsquo;ap\u00e9ro et c&rsquo;\u00e9tait super jolie avec le soleil qui se couchait.<\/p>\n<p><img loading=\"lazy\" class=\"  wp-image-807 aligncenter\" src=\"http:\/\/preteapartir.com\/wp-content\/uploads\/2018\/07\/img_4642.jpg\" alt=\"IMG_4642\" width=\"512\" height=\"683\" \/><\/p>\n<p>A Cala d&rsquo;Or, on a trouv\u00e9 un \u00a0super bon restaurant malgr\u00e9 le fait que ce soit un endroit tr\u00e8s touristique. Le restaurant <span style=\"text-decoration: underline;\"><em><a href=\"https:\/\/www.restaurantdiferentmallorca.com\" target=\"_blank\" rel=\"noopener noreferrer\">Diferent.<\/a><\/em><\/span><\/p>\n<div id='gallery-3' class='gallery galleryid-787 gallery-columns-3 gallery-size-thumbnail'><figure class='gallery-item'>\n\t\t\t<div class='gallery-icon portrait'>\n\t\t\t\t<a href='https:\/\/preteapartir.com\/index.php\/2018\/07\/06\/juin-2018-mon-week-end-a-majorque\/img_5879\/'><img width=\"150\" height=\"150\" src=\"https:\/\/preteapartir.com\/wp-content\/uploads\/2018\/07\/img_5879-150x150.jpg\" class=\"attachment-thumbnail size-thumbnail\" alt=\"\" loading=\"lazy\" srcset=\"https:\/\/preteapartir.com\/wp-content\/uploads\/2018\/07\/img_5879-150x150.jpg 150w, https:\/\/preteapartir.com\/wp-content\/uploads\/2018\/07\/img_5879-300x300.jpg 300w\" sizes=\"(max-width: 150px) 100vw, 150px\" \/><\/a>\n\t\t\t<\/div><\/figure><figure class='gallery-item'>\n\t\t\t<div class='gallery-icon portrait'>\n\t\t\t\t<a href='https:\/\/preteapartir.com\/index.php\/2018\/07\/06\/juin-2018-mon-week-end-a-majorque\/img_5490-2\/'><img width=\"150\" height=\"150\" src=\"https:\/\/preteapartir.com\/wp-content\/uploads\/2018\/07\/img_5490-2-150x150.jpg\" class=\"attachment-thumbnail size-thumbnail\" alt=\"\" loading=\"lazy\" srcset=\"https:\/\/preteapartir.com\/wp-content\/uploads\/2018\/07\/img_5490-2-150x150.jpg 150w, https:\/\/preteapartir.com\/wp-content\/uploads\/2018\/07\/img_5490-2-300x300.jpg 300w\" sizes=\"(max-width: 150px) 100vw, 150px\" \/><\/a>\n\t\t\t<\/div><\/figure><figure class='gallery-item'>\n\t\t\t<div class='gallery-icon portrait'>\n\t\t\t\t<a href='https:\/\/preteapartir.com\/index.php\/2018\/07\/06\/juin-2018-mon-week-end-a-majorque\/img_1549-2\/'><img width=\"150\" height=\"150\" src=\"https:\/\/preteapartir.com\/wp-content\/uploads\/2018\/07\/img_1549-150x150.jpg\" class=\"attachment-thumbnail size-thumbnail\" alt=\"\" loading=\"lazy\" srcset=\"https:\/\/preteapartir.com\/wp-content\/uploads\/2018\/07\/img_1549-150x150.jpg 150w, https:\/\/preteapartir.com\/wp-content\/uploads\/2018\/07\/img_1549-300x300.jpg 300w\" sizes=\"(max-width: 150px) 100vw, 150px\" \/><\/a>\n\t\t\t<\/div><\/figure>\n\t\t<\/div>\n\n<p>La premi\u00e8re fois (oui parce qu&rsquo;il y a eu plusieurs fois), on a pris chacune une salade. La mienne avec de l&rsquo;avocat, de la grenade, de la feta, des graines, de la salade verte, de la tomate et ma m\u00e8re une salade de tomate mozzarella revisit\u00e9 avec une glace aux poivrons.<\/p>\n<div id='gallery-4' class='gallery galleryid-787 gallery-columns-3 gallery-size-thumbnail'><figure class='gallery-item'>\n\t\t\t<div class='gallery-icon portrait'>\n\t\t\t\t<a href='https:\/\/preteapartir.com\/index.php\/2018\/07\/06\/juin-2018-mon-week-end-a-majorque\/img_1159\/'><img width=\"150\" height=\"150\" src=\"https:\/\/preteapartir.com\/wp-content\/uploads\/2018\/07\/img_1159-150x150.jpg\" class=\"attachment-thumbnail size-thumbnail\" alt=\"\" loading=\"lazy\" srcset=\"https:\/\/preteapartir.com\/wp-content\/uploads\/2018\/07\/img_1159-150x150.jpg 150w, https:\/\/preteapartir.com\/wp-content\/uploads\/2018\/07\/img_1159-300x300.jpg 300w\" sizes=\"(max-width: 150px) 100vw, 150px\" \/><\/a>\n\t\t\t<\/div><\/figure><figure class='gallery-item'>\n\t\t\t<div class='gallery-icon portrait'>\n\t\t\t\t<a href='https:\/\/preteapartir.com\/index.php\/2018\/07\/06\/juin-2018-mon-week-end-a-majorque\/img_1801\/'><img width=\"150\" height=\"150\" src=\"https:\/\/preteapartir.com\/wp-content\/uploads\/2018\/07\/img_1801-150x150.jpg\" class=\"attachment-thumbnail size-thumbnail\" alt=\"\" loading=\"lazy\" srcset=\"https:\/\/preteapartir.com\/wp-content\/uploads\/2018\/07\/img_1801-150x150.jpg 150w, https:\/\/preteapartir.com\/wp-content\/uploads\/2018\/07\/img_1801-300x300.jpg 300w\" sizes=\"(max-width: 150px) 100vw, 150px\" \/><\/a>\n\t\t\t<\/div><\/figure>\n\t\t<\/div>\n\n<p>La deuxi\u00e8me fois, ma m\u00e8re a pris le club sandwich (sans viandes) et moi un acai bowl ! Vous pouvez demander \u00e0 ce qu&rsquo;ils vous pr\u00e9parent un smoothie fait maison avec les fruits que vous voulez ! J&rsquo;avais pris ananas, menthe, pomme et concombre, le premier jour et la deuxi\u00e8me fois, je me rappelle plus mais il y avait des fruits rouges ! Fin bref, c&rsquo;\u00e9tait succulent.<\/p>\n<p>A Cala Sa Nau, il y avait aussi un petit restau de plage, tr\u00e8s sympa mais la carte n&rsquo;\u00e9tait pas top, et on s&rsquo;est pas autant r\u00e9gal\u00e9. Le cadre faisait tout mais c&rsquo;\u00e9tait dommage que ce ne soit ps si bon.<\/p>\n<p><img loading=\"lazy\" class=\"  wp-image-810 aligncenter\" src=\"http:\/\/preteapartir.com\/wp-content\/uploads\/2018\/07\/img_5448.jpg\" alt=\"IMG_5448\" width=\"558\" height=\"744\" \/><\/p>\n<p>Quelques tapas sur la plage de Cala Sa Nau.<\/p>\n<p>En allant \u00e0 la plage de Es trenc, on a d\u00e9couvert l&rsquo;usine de sel locale. Tr\u00e8s charmant. Ils font du sel local et biologique, et ils font plusieurs \u00ab\u00a0go\u00fbts\u00a0\u00bb. Il y a possibilit\u00e9 de boire et grignoter quelque chose sur place puisque la boutique dispose d&rsquo;un salon de th\u00e9. En partant, j&rsquo;ai choisi le sel au citron et \u00e0 la lavande, ca parfume les plats, c&rsquo;est un d\u00e9lice ! Ils font aussi aux herbes de provences, aux olives, aux \u00e9pices de Sri Lanka et plein d&rsquo;autres.<\/p>\n<p><img loading=\"lazy\" class=\"  wp-image-818 aligncenter\" src=\"http:\/\/preteapartir.com\/wp-content\/uploads\/2018\/07\/img_7983.jpg\" alt=\"IMG_7983\" width=\"559\" height=\"419\" \/><\/p>\n<div id='gallery-5' class='gallery galleryid-787 gallery-columns-3 gallery-size-thumbnail'><figure class='gallery-item'>\n\t\t\t<div class='gallery-icon portrait'>\n\t\t\t\t<a href='https:\/\/preteapartir.com\/index.php\/2018\/07\/06\/juin-2018-mon-week-end-a-majorque\/img_6803\/'><img width=\"150\" height=\"150\" src=\"https:\/\/preteapartir.com\/wp-content\/uploads\/2018\/07\/img_6803-150x150.jpg\" class=\"attachment-thumbnail size-thumbnail\" alt=\"\" loading=\"lazy\" srcset=\"https:\/\/preteapartir.com\/wp-content\/uploads\/2018\/07\/img_6803-150x150.jpg 150w, https:\/\/preteapartir.com\/wp-content\/uploads\/2018\/07\/img_6803-300x300.jpg 300w\" sizes=\"(max-width: 150px) 100vw, 150px\" \/><\/a>\n\t\t\t<\/div><\/figure><figure class='gallery-item'>\n\t\t\t<div class='gallery-icon landscape'>\n\t\t\t\t<a href='https:\/\/preteapartir.com\/index.php\/2018\/07\/06\/juin-2018-mon-week-end-a-majorque\/img_4112\/'><img width=\"150\" height=\"150\" src=\"https:\/\/preteapartir.com\/wp-content\/uploads\/2018\/07\/img_4112-150x150.jpg\" class=\"attachment-thumbnail size-thumbnail\" alt=\"\" loading=\"lazy\" srcset=\"https:\/\/preteapartir.com\/wp-content\/uploads\/2018\/07\/img_4112-150x150.jpg 150w, https:\/\/preteapartir.com\/wp-content\/uploads\/2018\/07\/img_4112-300x300.jpg 300w\" sizes=\"(max-width: 150px) 100vw, 150px\" \/><\/a>\n\t\t\t<\/div><\/figure>\n\t\t<\/div>\n\n<p><img loading=\"lazy\" class=\"  wp-image-813 aligncenter\" src=\"http:\/\/preteapartir.com\/wp-content\/uploads\/2018\/07\/img_5667.jpg\" alt=\"IMG_5667\" width=\"462\" height=\"616\" \/><\/p>\n<p>La plage d&rsquo;Es Trenc, est tr\u00e8s belle. L&rsquo;eau y est turquoise, cependant elle est moins intimiste que les Cala et donc il y a plus de monde, mais ca reste un endroit \u00e0 voir si vous allez dans ce coin !<\/p>\n<p><img loading=\"lazy\" class=\"  wp-image-793 aligncenter\" src=\"http:\/\/preteapartir.com\/wp-content\/uploads\/2018\/07\/img_8782.jpg\" alt=\"IMG_8782\" width=\"573\" height=\"382\" \/><\/p>\n<p><img loading=\"lazy\" class=\"  wp-image-794 aligncenter\" src=\"http:\/\/preteapartir.com\/wp-content\/uploads\/2018\/07\/img_8800.jpg\" alt=\"IMG_8800\" width=\"462\" height=\"308\" \/><\/p>\n<p>Pour finir, sur cette jolie escapade, on a pu voir un magnifique couch\u00e9 de soleil. Je pense, un des plus beaux de toute ma vie avec ceux de l<span style=\"text-decoration: underline;\">&lsquo;<a href=\"http:\/\/preteapartir.com\/2018\/02\/16\/nouvel-an-2018-mon-voyage-en-islande\/\" target=\"_blank\" rel=\"noopener noreferrer\">Islande<\/a><\/span>. Sur la montagne de Sant Salvador, une vue imprenable sur toute la r\u00e9gion, \u00e0 couper le souffle !<\/p>\n<p><img loading=\"lazy\" class=\" size-full wp-image-797 aligncenter\" src=\"http:\/\/preteapartir.com\/wp-content\/uploads\/2018\/07\/img_8839.jpg\" alt=\"IMG_8839\" width=\"5184\" height=\"3456\" \/><\/p>\n<p><img loading=\"lazy\" class=\" size-full wp-image-798 aligncenter\" src=\"http:\/\/preteapartir.com\/wp-content\/uploads\/2018\/07\/img_8841.jpg\" alt=\"IMG_8841\" width=\"5184\" height=\"3456\" \/><\/p>\n<p>Si vous avez des questions, des envies de pr\u00e9cisions sur certains endroits, n&rsquo;h\u00e9sitez pas !<\/p>\n<p>ps : je ferai une update de la boutique o\u00f9 ma m\u00e8re et moi avons eu nos robes \u00e0 fleurs.<\/p>\n","protected":false},"excerpt":{"rendered":"<p>J&rsquo;ai d\u00e9couvert Majorque avec ma m\u00e8re lors d&rsquo;un week-end de 4 jours, et j&rsquo;ai ador\u00e9 !<\/p>\n<a href=\"https:\/\/preteapartir.com\/index.php\/2018\/07\/06\/juin-2018-mon-week-end-a-majorque\/\" class=\"more-link\">Read More<\/a>","protected":false},"author":2,"featured_media":822,"comment_status":"open","ping_status":"open","sticky":false,"template":"","format":"standard","meta":{"spay_email":""},"categories":[5,7],"tags":[21,35,71,91,133,174,175,182,244,291,327,368,420,476,506,507,531,532,535],"jetpack_featured_media_url":"https:\/\/preteapartir.com\/wp-content\/uploads\/2018\/07\/img_0516-scaled.jpg","_links":{"self":[{"href":"https:\/\/preteapartir.com\/index.php\/wp-json\/wp\/v2\/posts\/787"}],"collection":[{"href":"https:\/\/preteapartir.com\/index.php\/wp-json\/wp\/v2\/posts"}],"about":[{"href":"https:\/\/preteapartir.com\/index.php\/wp-json\/wp\/v2\/types\/post"}],"author":[{"embeddable":true,"href":"https:\/\/preteapartir.com\/index.php\/wp-json\/wp\/v2\/users\/2"}],"replies":[{"embeddable":true,"href":"https:\/\/preteapartir.com\/index.php\/wp-json\/wp\/v2\/comments?post=787"}],"version-history":[{"count":1,"href":"https:\/\/preteapartir.com\/index.php\/wp-json\/wp\/v2\/posts\/787\/revisions"}],"predecessor-version":[{"id":1791,"href":"https:\/\/preteapartir.com\/index.php\/wp-json\/wp\/v2\/posts\/787\/revisions\/1791"}],"wp:featuredmedia":[{"embeddable":true,"href":"https:\/\/preteapartir.com\/index.php\/wp-json\/wp\/v2\/media\/822"}],"wp:attachment":[{"href":"https:\/\/preteapartir.com\/index.php\/wp-json\/wp\/v2\/media?parent=787"}],"wp:term":[{"taxonomy":"category","embeddable":true,"href":"https:\/\/preteapartir.com\/index.php\/wp-json\/wp\/v2\/categories?post=787"},{"taxonomy":"post_tag","embeddable":true,"href":"https:\/\/preteapartir.com\/index.php\/wp-json\/wp\/v2\/tags?post=787"}],"curies":[{"name":"wp","href":"https:\/\/api.w.org\/{rel}","templated":true}]}}